{"id":332,"date":"2014-03-22T17:02:05","date_gmt":"2014-03-22T16:02:05","guid":{"rendered":"http:\/\/mdiabete.gouv.sn\/\/?p=332"},"modified":"2014-04-23T10:09:25","modified_gmt":"2014-04-23T09:09:25","slug":"quelles-questions-poser-a-mon-medecin","status":"publish","type":"post","link":"https:\/\/mdiabete.gouv.sn\/?p=332","title":{"rendered":"Quelles questions poser \u00e0 mon m\u00e9decin ?"},"content":{"rendered":"<ul>\n<li>Quels sont les risques li\u00e9s au je\u00fbne si l\u2019on consid\u00e8re mes ant\u00e9c\u00e9dents m\u00e9dicaux ?<\/li>\n<li>Quelles modifications devrai-je apporter \u00e0 mon alimentation pendant le Ramadan pour assurer un contr\u00f4le adapt\u00e9 de mon diab\u00e8te ?<\/li>\n<li>Comment contr\u00f4ler ma glyc\u00e9mie pendant le Ramadan ?<\/li>\n<li>Puis-je maintenir mon niveau d\u2019activit\u00e9 physique habituel pendant le Ramadan ?<\/li>\n<li>Dois-je faire des changements en ce qui concerne mes m\u00e9dicaments ou mon traitement ?<\/li>\n<li>Y a-t-il des situations o\u00f9 je devrai rompre le je\u00fbne ?<\/li>\n<li>Comment traiter une hypoglyc\u00e9mie au cours du je\u00fbne ?<\/li>\n<li>Une fois le je\u00fbne termin\u00e9, devrai-je prendre un rendez-vous de suivi ?<\/li>\n<li>\u00c0 quelle fr\u00e9quence dois-je v\u00e9rifier ma glyc\u00e9mie ?<\/li>\n<li>Qui contacter en cas d\u2019urgence ?<\/li>\n<\/ul>\n","protected":false},"excerpt":{"rendered":"<p>Quels sont les risques li\u00e9s au je\u00fbne si l\u2019on consid\u00e8re mes ant\u00e9c\u00e9dents m\u00e9dicaux ? Quelles modifications devrai-je apporter \u00e0 mon alimentation pendant le Ramadan pour [&hellip;]<\/p>\n","protected":false},"author":1,"featured_media":0,"comment_status":"closed","ping_status":"open","sticky":false,"template":"","format":"standard","meta":{"footnotes":""},"categories":[7],"tags":[],"class_list":["post-332","post","type-post","status-publish","format-standard","hentry","category-diabete-et-ramadan"],"_links":{"self":[{"href":"https:\/\/mdiabete.gouv.sn\/index.php?rest_route=\/wp\/v2\/posts\/332","targetHints":{"allow":["GET"]}}],"collection":[{"href":"https:\/\/mdiabete.gouv.sn\/index.php?rest_route=\/wp\/v2\/posts"}],"about":[{"href":"https:\/\/mdiabete.gouv.sn\/index.php?rest_route=\/wp\/v2\/types\/post"}],"author":[{"embeddable":true,"href":"https:\/\/mdiabete.gouv.sn\/index.php?rest_route=\/wp\/v2\/users\/1"}],"replies":[{"embeddable":true,"href":"https:\/\/mdiabete.gouv.sn\/index.php?rest_route=%2Fwp%2Fv2%2Fcomments&post=332"}],"version-history":[{"count":4,"href":"https:\/\/mdiabete.gouv.sn\/index.php?rest_route=\/wp\/v2\/posts\/332\/revisions"}],"predecessor-version":[{"id":339,"href":"https:\/\/mdiabete.gouv.sn\/index.php?rest_route=\/wp\/v2\/posts\/332\/revisions\/339"}],"wp:attachment":[{"href":"https:\/\/mdiabete.gouv.sn\/index.php?rest_route=%2Fwp%2Fv2%2Fmedia&parent=332"}],"wp:term":[{"taxonomy":"category","embeddable":true,"href":"https:\/\/mdiabete.gouv.sn\/index.php?rest_route=%2Fwp%2Fv2%2Fcategories&post=332"},{"taxonomy":"post_tag","embeddable":true,"href":"https:\/\/mdiabete.gouv.sn\/index.php?rest_route=%2Fwp%2Fv2%2Ftags&post=332"}],"curies":[{"name":"wp","href":"https:\/\/api.w.org\/{rel}","templated":true}]}}